{"id":7480,"date":"2026-04-17T12:26:33","date_gmt":"2026-04-17T15:26:33","guid":{"rendered":"https:\/\/www.cajapopular.gov.ar\/?p=7480"},"modified":"2026-04-20T10:52:37","modified_gmt":"2026-04-20T13:52:37","slug":"donacion-de-los-utiles-escolares-en-la-madrid","status":"publish","type":"post","link":"https:\/\/www.cajapopular.gov.ar\/index.php\/2026\/04\/17\/donacion-de-los-utiles-escolares-en-la-madrid\/","title":{"rendered":"Donaci\u00f3n de los \u00fatiles escolares en La Madrid"},"content":{"rendered":"<p>[et_pb_section fb_built=\u00bb1&#8243; _builder_version=\u00bb4.22.1&#8243; _module_preset=\u00bbdefault\u00bb global_colors_info=\u00bb{}\u00bb][et_pb_row _builder_version=\u00bb4.22.1&#8243; _module_preset=\u00bbdefault\u00bb custom_margin=\u00bb-75px||||false|false\u00bb global_colors_info=\u00bb{}\u00bb][et_pb_column type=\u00bb4_4&#8243; _builder_version=\u00bb4.22.1&#8243; _module_preset=\u00bbdefault\u00bb global_colors_info=\u00bb{}\u00bb][et_pb_text _builder_version=\u00bb4.27.6&#8243; _module_preset=\u00bbdefault\u00bb header_font=\u00bbOpen Sans|600|||||||\u00bb hover_enabled=\u00bb0&#8243; global_colors_info=\u00bb{}\u00bb sticky_enabled=\u00bb0&#8243;]<\/p>\n<h1>Mil ni\u00f1os de La Madrid recibieron mochilas para su regreso a clases tras el temporal<\/h1>\n<p>[\/et_pb_text][et_pb_text _builder_version=\u00bb4.27.6&#8243; _module_preset=\u00bbdefault\u00bb hover_enabled=\u00bb0&#8243; global_colors_info=\u00bb{}\u00bb sticky_enabled=\u00bb0&#8243;]<\/p>\n<p>A trav\u00e9s de un trabajo conjunto entre la Caja Popular de Ahorros y diversos organismos provinciales, se concret\u00f3 la entrega de kits escolares y sanitizantes para alumnos de la zona. El compromiso social se reforz\u00f3 con la firma de un convenio de colaboraci\u00f3n y el anuncio de mejoras para la Escuela N\u00b071.<\/p>\n<p>[\/et_pb_text][\/et_pb_column][\/et_pb_row][et_pb_row _builder_version=\u00bb4.22.1&#8243; _module_preset=\u00bbdefault\u00bb global_colors_info=\u00bb{}\u00bb][et_pb_column type=\u00bb4_4&#8243; _builder_version=\u00bb4.22.1&#8243; _module_preset=\u00bbdefault\u00bb global_colors_info=\u00bb{}\u00bb][et_pb_blurb image=\u00bbhttps:\/\/www.cajapopular.gov.ar\/wp-content\/uploads\/2026\/04\/Diseno-sin-titulo-25-scaled.png\u00bb content_max_width=\u00bb1100px\u00bb _builder_version=\u00bb4.27.6&#8243; _module_preset=\u00bbdefault\u00bb header_font=\u00bbRoboto|700|||||||\u00bb header_text_color=\u00bb#606060&#8243; global_colors_info=\u00bb{}\u00bb]<\/p>\n<p>&nbsp;<\/p>\n<p><span style=\"font-size: 14px;\">Tras el cierre de escuelas por el temporal, los ni\u00f1os de La Madrid regresaron a clases con una buena noticia. La Caja Popular de Ahorros llev\u00f3 adelante la entrega de mochilas con \u00fatiles escolares y kits de art\u00edculos sanitizantes, alcanzando a aproximadamente mil alumnos de las escuelas locales. \u00abEste gesto no solo representa una ayuda material, sino un acompa\u00f1amiento real al esfuerzo que realizan los padres para que sus hijos sigan form\u00e1ndose en las aulas\u00bb, se\u00f1alaron desde la instituci\u00f3n.<br \/>La iniciativa fue el resultado de un esfuerzo coordinado, sellado bajo la firma de un convenio de colaboraci\u00f3n entre la CPA, la Defensor\u00eda del Pueblo, y los ministerios del Interior y de Educaci\u00f3n.<br \/><strong>\u00abEsta alianza estrat\u00e9gica busca garantizar que las herramientas b\u00e1sicas para el aprendizaje lleguen directamente a quienes m\u00e1s lo necesitan, siguiendo la l\u00ednea de trabajo que el Gobierno Provincial viene desarrollando en toda la regi\u00f3n\u00bb<\/strong>, informaron.<br \/>El impacto de la jornada fue m\u00e1s all\u00e1 de los materiales escolares. En un gesto que refuerza el compromiso con la comunidad educativa, el C.P.N. Guillermo Norry asumi\u00f3 la responsabilidad de donar la pintura necesaria para renovar \u00edntegramente el edificio de la Escuela N\u00b071 Provincia de Jujuy. \u00abDe esta manera, el regreso a clases en La Madrid no solo contar\u00e1 con mochilas nuevas, sino tambi\u00e9n con un entorno escolar renovado y digno para el crecimiento de los ni\u00f1os\u00bb, finalizaron.<\/span><\/p>\n<p>[\/et_pb_blurb][\/et_pb_column][\/et_pb_row][\/et_pb_section][et_pb_section fb_built=\u00bb1&#8243; _builder_version=\u00bb4.27.6&#8243; _module_preset=\u00bbdefault\u00bb global_colors_info=\u00bb{}\u00bb][et_pb_row use_custom_gutter=\u00bbon\u00bb gutter_width=\u00bb1&#8243; make_equal=\u00bbon\u00bb _builder_version=\u00bb4.27.6&#8243; _module_preset=\u00bbdefault\u00bb width=\u00bb100%\u00bb max_width=\u00bb1265px\u00bb global_colors_info=\u00bb{}\u00bb][et_pb_column type=\u00bb4_4&#8243; _builder_version=\u00bb4.27.6&#8243; _module_preset=\u00bbdefault\u00bb global_colors_info=\u00bb{}\u00bb][et_pb_gallery gallery_ids=\u00bb7484,7485,7486,7487&#8243; show_title_and_caption=\u00bboff\u00bb _builder_version=\u00bb4.27.6&#8243; _module_preset=\u00bbdefault\u00bb global_colors_info=\u00bb{}\u00bb][\/et_pb_gallery][\/et_pb_column][\/et_pb_row][\/et_pb_section][et_pb_section fb_built=\u00bb1&#8243; _builder_version=\u00bb4.22.1&#8243; _module_preset=\u00bbdefault\u00bb width=\u00bb76%\u00bb max_width=\u00bb69%\u00bb module_alignment=\u00bbcenter\u00bb global_colors_info=\u00bb{}\u00bb][et_pb_row column_structure=\u00bb1_4,1_4,1_4,1_4&#8243; _builder_version=\u00bb4.22.1&#8243; _module_preset=\u00bbdefault\u00bb width=\u00bb26%\u00bb global_colors_info=\u00bb{}\u00bb][et_pb_column type=\u00bb1_4&#8243; _builder_version=\u00bb4.22.1&#8243; _module_preset=\u00bbdefault\u00bb global_colors_info=\u00bb{}\u00bb][et_pb_icon font_icon=\u00bb&#xe0aa;||divi||400&#8243; icon_color=\u00bb#007d83&#8243; icon_width=\u00bb31px\u00bb url=\u00bbhttps:\/\/www.facebook.com\/cajapopular.tuc?locale=es_LA\u00bb url_new_window=\u00bbon\u00bb _builder_version=\u00bb4.22.1&#8243; _module_preset=\u00bbdefault\u00bb global_colors_info=\u00bb{}\u00bb][\/et_pb_icon][\/et_pb_column][et_pb_column type=\u00bb1_4&#8243; _builder_version=\u00bb4.22.1&#8243; _module_preset=\u00bbdefault\u00bb link_option_url=\u00bbhttps:\/\/www.instagram.com\/cajapopular.tuc\/\u00bb link_option_url_new_window=\u00bbon\u00bb global_colors_info=\u00bb{}\u00bb][et_pb_icon font_icon=\u00bb&#xe0b1;||divi||400&#8243; icon_color=\u00bb#007d83&#8243; icon_width=\u00bb31px\u00bb _builder_version=\u00bb4.22.1&#8243; _module_preset=\u00bbdefault\u00bb global_colors_info=\u00bb{}\u00bb][\/et_pb_icon][\/et_pb_column][et_pb_column type=\u00bb1_4&#8243; _builder_version=\u00bb4.22.1&#8243; _module_preset=\u00bbdefault\u00bb global_colors_info=\u00bb{}\u00bb][et_pb_icon font_icon=\u00bb&#xe0ab;||divi||400&#8243; icon_color=\u00bb#007d83&#8243; icon_width=\u00bb31px\u00bb url=\u00bbhttps:\/\/x.com\/CajaPopularTuc\u00bb url_new_window=\u00bbon\u00bb _builder_version=\u00bb4.22.1&#8243; _module_preset=\u00bbdefault\u00bb global_colors_info=\u00bb{}\u00bb][\/et_pb_icon][\/et_pb_column][et_pb_column type=\u00bb1_4&#8243; _builder_version=\u00bb4.22.1&#8243; _module_preset=\u00bbdefault\u00bb global_colors_info=\u00bb{}\u00bb][et_pb_icon font_icon=\u00bb&#xe0ba;||divi||400&#8243; icon_color=\u00bb#007d83&#8243; icon_width=\u00bb31px\u00bb url=\u00bbhttps:\/\/www.youtube.com\/@cajapopulartuc\u00bb url_new_window=\u00bbon\u00bb _builder_version=\u00bb4.22.1&#8243; _module_preset=\u00bbdefault\u00bb global_colors_info=\u00bb{}\u00bb][\/et_pb_icon][\/et_pb_column][\/et_pb_row][\/et_pb_section]<\/p>\n","protected":false},"excerpt":{"rendered":"<p>Mil ni\u00f1os de La Madrid recibieron mochilas para su regreso a clases tras el temporalA trav\u00e9s de un trabajo conjunto entre la Caja Popular de Ahorros y diversos organismos provinciales, se concret\u00f3 la entrega de kits escolares y sanitizantes para alumnos de la zona. El compromiso social se reforz\u00f3 con la firma de un convenio [&hellip;]<\/p>\n","protected":false},"author":6,"featured_media":0,"comment_status":"open","ping_status":"open","sticky":false,"template":"","format":"standard","meta":{"_et_pb_use_builder":"on","_et_pb_old_content":"","_et_gb_content_width":"","footnotes":""},"categories":[1],"tags":[],"class_list":["post-7480","post","type-post","status-publish","format-standard","hentry","category-inicio"],"_links":{"self":[{"href":"https:\/\/www.cajapopular.gov.ar\/index.php\/wp-json\/wp\/v2\/posts\/7480","targetHints":{"allow":["GET"]}}],"collection":[{"href":"https:\/\/www.cajapopular.gov.ar\/index.php\/wp-json\/wp\/v2\/posts"}],"about":[{"href":"https:\/\/www.cajapopular.gov.ar\/index.php\/wp-json\/wp\/v2\/types\/post"}],"author":[{"embeddable":true,"href":"https:\/\/www.cajapopular.gov.ar\/index.php\/wp-json\/wp\/v2\/users\/6"}],"replies":[{"embeddable":true,"href":"https:\/\/www.cajapopular.gov.ar\/index.php\/wp-json\/wp\/v2\/comments?post=7480"}],"version-history":[{"count":4,"href":"https:\/\/www.cajapopular.gov.ar\/index.php\/wp-json\/wp\/v2\/posts\/7480\/revisions"}],"predecessor-version":[{"id":7499,"href":"https:\/\/www.cajapopular.gov.ar\/index.php\/wp-json\/wp\/v2\/posts\/7480\/revisions\/7499"}],"wp:attachment":[{"href":"https:\/\/www.cajapopular.gov.ar\/index.php\/wp-json\/wp\/v2\/media?parent=7480"}],"wp:term":[{"taxonomy":"category","embeddable":true,"href":"https:\/\/www.cajapopular.gov.ar\/index.php\/wp-json\/wp\/v2\/categories?post=7480"},{"taxonomy":"post_tag","embeddable":true,"href":"https:\/\/www.cajapopular.gov.ar\/index.php\/wp-json\/wp\/v2\/tags?post=7480"}],"curies":[{"name":"wp","href":"https:\/\/api.w.org\/{rel}","templated":true}]}}