{"id":7454,"date":"2026-04-15T11:05:42","date_gmt":"2026-04-15T14:05:42","guid":{"rendered":"https:\/\/www.cajapopular.gov.ar\/?p=7454"},"modified":"2026-04-15T11:12:40","modified_gmt":"2026-04-15T14:12:40","slug":"firma-convenio-utiles-escolares-para-la-madrid","status":"publish","type":"post","link":"https:\/\/www.cajapopular.gov.ar\/index.php\/2026\/04\/15\/firma-convenio-utiles-escolares-para-la-madrid\/","title":{"rendered":"Firma Convenio \u00fatiles escolares para La Madrid"},"content":{"rendered":"<p>[et_pb_section fb_built=\u00bb1&#8243; _builder_version=\u00bb4.22.1&#8243; _module_preset=\u00bbdefault\u00bb global_colors_info=\u00bb{}\u00bb theme_builder_area=\u00bbpost_content\u00bb][et_pb_row _builder_version=\u00bb4.22.1&#8243; _module_preset=\u00bbdefault\u00bb custom_margin=\u00bb-75px||||false|false\u00bb global_colors_info=\u00bb{}\u00bb theme_builder_area=\u00bbpost_content\u00bb][et_pb_column type=\u00bb4_4&#8243; _builder_version=\u00bb4.22.1&#8243; _module_preset=\u00bbdefault\u00bb global_colors_info=\u00bb{}\u00bb theme_builder_area=\u00bbpost_content\u00bb][et_pb_text _builder_version=\u00bb4.27.6&#8243; _module_preset=\u00bbdefault\u00bb theme_builder_area=\u00bbpost_content\u00bb header_font=\u00bbOpen Sans|600|||||||\u00bb hover_enabled=\u00bb0&#8243; sticky_enabled=\u00bb0&#8243;]<\/p>\n<h1><span class=\"a_GcMg font-feature-liga-off font-feature-clig-off font-feature-calt-off text-decoration-none text-strikethrough-none\">Caja Popular de Ahorros donar\u00e1 \u00fatiles escolares<br \/>e insumos sanitizantes a escuelas de La Madrid<\/span><\/h1>\n<p>[\/et_pb_text][et_pb_text _builder_version=\u00bb4.27.6&#8243; _module_preset=\u00bbdefault\u00bb hover_enabled=\u00bb0&#8243; global_colors_info=\u00bb{}\u00bb theme_builder_area=\u00bbpost_content\u00bb sticky_enabled=\u00bb0&#8243;]<\/p>\n<p><span class=\"a_GcMg font-feature-liga-off font-feature-clig-off font-feature-calt-off text-decoration-none text-strikethrough-none\">Por pedido de la Defensor\u00eda del Pueblo, y mediante un trabajo en conjunto con las carteras del Interior y Educaci\u00f3n, Caja Popular de Ahorros asistir\u00e1 a casi 1000 estudiantes de La Madrid.<\/span><\/p>\n<p>[\/et_pb_text][\/et_pb_column][\/et_pb_row][et_pb_row _builder_version=\u00bb4.22.1&#8243; _module_preset=\u00bbdefault\u00bb global_colors_info=\u00bb{}\u00bb theme_builder_area=\u00bbpost_content\u00bb][et_pb_column type=\u00bb4_4&#8243; _builder_version=\u00bb4.22.1&#8243; _module_preset=\u00bbdefault\u00bb global_colors_info=\u00bb{}\u00bb theme_builder_area=\u00bbpost_content\u00bb][et_pb_blurb image=\u00bbhttps:\/\/www.cajapopular.gov.ar\/wp-content\/uploads\/2026\/04\/1-scaled.png\u00bb content_max_width=\u00bb1100px\u00bb _builder_version=\u00bb4.27.6&#8243; _module_preset=\u00bbdefault\u00bb header_font=\u00bbRoboto|700|||||||\u00bb header_text_color=\u00bb#606060&#8243; hover_enabled=\u00bb0&#8243; global_colors_info=\u00bb{}\u00bb theme_builder_area=\u00bbpost_content\u00bb title_text=\u00bb1&#8243; sticky_enabled=\u00bb0&#8243;]<\/p>\n<p>&nbsp;<\/p>\n<p class=\"cvGsUA direction-ltr align-start para-style-body\"><span class=\"a_GcMg font-feature-liga-off font-feature-clig-off font-feature-calt-off text-decoration-none text-strikethrough-none\">En el d\u00eda de la fecha se realiz\u00f3 la firma del convenio mediante el cual Caja Popular de Ahorros donar\u00e1 \u00fatiles escolares e insumos sanitizantes para las escuelas de la localidad de La Madrid, afectadas por los recientes temporales sufridos en toda la provincia. La misma cont\u00f3 con las presencias del interventor de la instituci\u00f3n, C.P.N. Guillermo Norry; el sub-interventor, Dr. Antonio Bustamente; el titular de la Defensor\u00eda del Pueblo, Sr. Agust\u00edn Fern\u00e1ndez; el secretario de Estado de Relaciones Institucionales del Ministerio del Interior, Sr. Daniel Alberto Herrera; y el Subsecretario de Asistencia Legal y T\u00e9cnica del Ministerio de Educaci\u00f3n, Dr. \u200bJuan Facundo Juez P\u00e9rez.<\/span><span class=\"a_GcMg font-feature-liga-off font-feature-clig-off font-feature-calt-off text-decoration-none text-strikethrough-none white-space-prewrap\"> <\/span><\/p>\n<p class=\"cvGsUA direction-ltr align-start para-style-body\">\n<p class=\"cvGsUA direction-ltr align-start para-style-body\"><span class=\"a_GcMg font-feature-liga-off font-feature-clig-off font-feature-calt-off text-decoration-none text-strikethrough-none\">La propuesta surgi\u00f3 a partir de una inquietud que la Defensor\u00eda del Pueblo de Tucum\u00e1n plante\u00f3 sobre la actual situaci\u00f3n de las escuelas de La Madrid. Ante esto, mediante una coordinaci\u00f3n mancomunada entre Caja Popular de Ahorros y los ministerios del Interior y Educaci\u00f3n, se acord\u00f3 realizar dicha asistencia, que llegar\u00e1 a casi 1000 chicos.<\/span><span class=\"a_GcMg font-feature-liga-off font-feature-clig-off font-feature-calt-off text-decoration-none text-strikethrough-none white-space-prewrap\"> <\/span><\/p>\n<p class=\"cvGsUA direction-ltr align-start para-style-body\">\n<p class=\"cvGsUA direction-ltr align-start para-style-body\"><span class=\"a_GcMg font-feature-liga-off font-feature-clig-off font-feature-calt-off text-decoration-none text-strikethrough-none\">Norry destac\u00f3 que la donaci\u00f3n es posible gracias a la presencia y el trabajo que las diferentes carteras provinciales realizan en todo el territorio. Adem\u00e1s, inform\u00f3 que no solo se acompa\u00f1ar\u00e1 con esta acci\u00f3n, sino que tambi\u00e9n se suspender\u00e1n las deudas crediticias que los habitantes de La Madrid puedan tener con la instituci\u00f3n.<\/span><span class=\"a_GcMg font-feature-liga-off font-feature-clig-off font-feature-calt-off text-decoration-none text-strikethrough-none white-space-prewrap\"> <\/span><\/p>\n<p class=\"cvGsUA direction-ltr align-start para-style-body\">\n<p class=\"cvGsUA direction-ltr align-start para-style-body\"><span class=\"a_GcMg font-feature-liga-off font-feature-clig-off font-feature-calt-off text-decoration-none text-strikethrough-none\">La entrega efectiva de las donaciones se realizar\u00e1 el d\u00eda viernes 17 de abril.<\/span><\/p>\n<p>[\/et_pb_blurb][\/et_pb_column][\/et_pb_row][\/et_pb_section][et_pb_section fb_built=\u00bb1&#8243; theme_builder_area=\u00bbpost_content\u00bb _builder_version=\u00bb4.27.6&#8243; _module_preset=\u00bbdefault\u00bb][et_pb_row _builder_version=\u00bb4.27.6&#8243; _module_preset=\u00bbdefault\u00bb theme_builder_area=\u00bbpost_content\u00bb width=\u00bb100%\u00bb max_width=\u00bb1265px\u00bb make_equal=\u00bbon\u00bb use_custom_gutter=\u00bbon\u00bb gutter_width=\u00bb1&#8243; hover_enabled=\u00bb0&#8243; sticky_enabled=\u00bb0&#8243;][et_pb_column _builder_version=\u00bb4.27.6&#8243; _module_preset=\u00bbdefault\u00bb type=\u00bb4_4&#8243; theme_builder_area=\u00bbpost_content\u00bb][et_pb_gallery _builder_version=\u00bb4.27.6&#8243; _module_preset=\u00bbdefault\u00bb theme_builder_area=\u00bbpost_content\u00bb gallery_ids=\u00bb7458,7459,7460,7461&#8243; show_title_and_caption=\u00bboff\u00bb hover_enabled=\u00bb0&#8243; sticky_enabled=\u00bb0&#8243;][\/et_pb_gallery][\/et_pb_column][\/et_pb_row][\/et_pb_section][et_pb_section fb_built=\u00bb1&#8243; _builder_version=\u00bb4.22.1&#8243; _module_preset=\u00bbdefault\u00bb width=\u00bb76%\u00bb max_width=\u00bb69%\u00bb module_alignment=\u00bbcenter\u00bb global_colors_info=\u00bb{}\u00bb theme_builder_area=\u00bbpost_content\u00bb][et_pb_row column_structure=\u00bb1_4,1_4,1_4,1_4&#8243; _builder_version=\u00bb4.22.1&#8243; _module_preset=\u00bbdefault\u00bb width=\u00bb26%\u00bb global_colors_info=\u00bb{}\u00bb theme_builder_area=\u00bbpost_content\u00bb][et_pb_column type=\u00bb1_4&#8243; _builder_version=\u00bb4.22.1&#8243; _module_preset=\u00bbdefault\u00bb global_colors_info=\u00bb{}\u00bb theme_builder_area=\u00bbpost_content\u00bb][et_pb_icon font_icon=\u00bb&#xe0aa;||divi||400&#8243; icon_color=\u00bb#007d83&#8243; icon_width=\u00bb31px\u00bb url=\u00bbhttps:\/\/www.facebook.com\/cajapopular.tuc?locale=es_LA\u00bb url_new_window=\u00bbon\u00bb _builder_version=\u00bb4.22.1&#8243; _module_preset=\u00bbdefault\u00bb global_colors_info=\u00bb{}\u00bb theme_builder_area=\u00bbpost_content\u00bb][\/et_pb_icon][\/et_pb_column][et_pb_column type=\u00bb1_4&#8243; _builder_version=\u00bb4.22.1&#8243; _module_preset=\u00bbdefault\u00bb link_option_url=\u00bbhttps:\/\/www.instagram.com\/cajapopular.tuc\/\u00bb link_option_url_new_window=\u00bbon\u00bb global_colors_info=\u00bb{}\u00bb theme_builder_area=\u00bbpost_content\u00bb][et_pb_icon font_icon=\u00bb&#xe0b1;||divi||400&#8243; icon_color=\u00bb#007d83&#8243; icon_width=\u00bb31px\u00bb _builder_version=\u00bb4.22.1&#8243; _module_preset=\u00bbdefault\u00bb global_colors_info=\u00bb{}\u00bb theme_builder_area=\u00bbpost_content\u00bb][\/et_pb_icon][\/et_pb_column][et_pb_column type=\u00bb1_4&#8243; _builder_version=\u00bb4.22.1&#8243; _module_preset=\u00bbdefault\u00bb global_colors_info=\u00bb{}\u00bb theme_builder_area=\u00bbpost_content\u00bb][et_pb_icon font_icon=\u00bb&#xe0ab;||divi||400&#8243; icon_color=\u00bb#007d83&#8243; icon_width=\u00bb31px\u00bb url=\u00bbhttps:\/\/x.com\/CajaPopularTuc\u00bb url_new_window=\u00bbon\u00bb _builder_version=\u00bb4.22.1&#8243; _module_preset=\u00bbdefault\u00bb global_colors_info=\u00bb{}\u00bb theme_builder_area=\u00bbpost_content\u00bb][\/et_pb_icon][\/et_pb_column][et_pb_column type=\u00bb1_4&#8243; _builder_version=\u00bb4.22.1&#8243; _module_preset=\u00bbdefault\u00bb global_colors_info=\u00bb{}\u00bb theme_builder_area=\u00bbpost_content\u00bb][et_pb_icon font_icon=\u00bb&#xe0ba;||divi||400&#8243; icon_color=\u00bb#007d83&#8243; icon_width=\u00bb31px\u00bb url=\u00bbhttps:\/\/www.youtube.com\/@cajapopulartuc\u00bb url_new_window=\u00bbon\u00bb _builder_version=\u00bb4.22.1&#8243; _module_preset=\u00bbdefault\u00bb global_colors_info=\u00bb{}\u00bb theme_builder_area=\u00bbpost_content\u00bb][\/et_pb_icon][\/et_pb_column][\/et_pb_row][\/et_pb_section]<\/p>\n","protected":false},"excerpt":{"rendered":"<p>Caja Popular de Ahorros donar\u00e1 \u00fatiles escolarese insumos sanitizantes a escuelas de La MadridPor pedido de la Defensor\u00eda del Pueblo, y mediante un trabajo en conjunto con las carteras del Interior y Educaci\u00f3n, Caja Popular de Ahorros asistir\u00e1 a casi 1000 estudiantes de La Madrid.&nbsp; En el d\u00eda de la fecha se realiz\u00f3 la firma [&hellip;]<\/p>\n","protected":false},"author":6,"featured_media":0,"comment_status":"open","ping_status":"open","sticky":false,"template":"","format":"standard","meta":{"_et_pb_use_builder":"on","_et_pb_old_content":"","_et_gb_content_width":"","footnotes":""},"categories":[1],"tags":[],"class_list":["post-7454","post","type-post","status-publish","format-standard","hentry","category-inicio"],"_links":{"self":[{"href":"https:\/\/www.cajapopular.gov.ar\/index.php\/wp-json\/wp\/v2\/posts\/7454","targetHints":{"allow":["GET"]}}],"collection":[{"href":"https:\/\/www.cajapopular.gov.ar\/index.php\/wp-json\/wp\/v2\/posts"}],"about":[{"href":"https:\/\/www.cajapopular.gov.ar\/index.php\/wp-json\/wp\/v2\/types\/post"}],"author":[{"embeddable":true,"href":"https:\/\/www.cajapopular.gov.ar\/index.php\/wp-json\/wp\/v2\/users\/6"}],"replies":[{"embeddable":true,"href":"https:\/\/www.cajapopular.gov.ar\/index.php\/wp-json\/wp\/v2\/comments?post=7454"}],"version-history":[{"count":4,"href":"https:\/\/www.cajapopular.gov.ar\/index.php\/wp-json\/wp\/v2\/posts\/7454\/revisions"}],"predecessor-version":[{"id":7466,"href":"https:\/\/www.cajapopular.gov.ar\/index.php\/wp-json\/wp\/v2\/posts\/7454\/revisions\/7466"}],"wp:attachment":[{"href":"https:\/\/www.cajapopular.gov.ar\/index.php\/wp-json\/wp\/v2\/media?parent=7454"}],"wp:term":[{"taxonomy":"category","embeddable":true,"href":"https:\/\/www.cajapopular.gov.ar\/index.php\/wp-json\/wp\/v2\/categories?post=7454"},{"taxonomy":"post_tag","embeddable":true,"href":"https:\/\/www.cajapopular.gov.ar\/index.php\/wp-json\/wp\/v2\/tags?post=7454"}],"curies":[{"name":"wp","href":"https:\/\/api.w.org\/{rel}","templated":true}]}}