{"id":5413,"date":"2025-02-10T09:59:33","date_gmt":"2025-02-10T12:59:33","guid":{"rendered":"https:\/\/cajapopular.gov.ar\/?p=5413"},"modified":"2025-02-13T11:18:16","modified_gmt":"2025-02-13T14:18:16","slug":"revalorizacion-de-sucursal-en-tafi-del-valle","status":"publish","type":"post","link":"https:\/\/www.cajapopular.gov.ar\/index.php\/2025\/02\/10\/revalorizacion-de-sucursal-en-tafi-del-valle\/","title":{"rendered":"Revalorizaci\u00f3n de sucursal en Taf\u00ed del Valle"},"content":{"rendered":"<p>[et_pb_section fb_built=\u00bb1&#8243; _builder_version=\u00bb4.22.1&#8243; _module_preset=\u00bbdefault\u00bb da_disable_devices=\u00bboff|off|off\u00bb global_colors_info=\u00bb{}\u00bb da_is_popup=\u00bboff\u00bb da_exit_intent=\u00bboff\u00bb da_has_close=\u00bbon\u00bb da_alt_close=\u00bboff\u00bb da_dark_close=\u00bboff\u00bb da_not_modal=\u00bbon\u00bb da_is_singular=\u00bboff\u00bb da_with_loader=\u00bboff\u00bb da_has_shadow=\u00bbon\u00bb][et_pb_row _builder_version=\u00bb4.22.1&#8243; _module_preset=\u00bbdefault\u00bb custom_margin=\u00bb-75px||||false|false\u00bb global_colors_info=\u00bb{}\u00bb][et_pb_column type=\u00bb4_4&#8243; _builder_version=\u00bb4.22.1&#8243; _module_preset=\u00bbdefault\u00bb global_colors_info=\u00bb{}\u00bb][et_pb_text _builder_version=\u00bb4.22.1&#8243; _module_preset=\u00bbdefault\u00bb global_colors_info=\u00bb{}\u00bb]<\/p>\n<p><span>Caja Popular de Ahorros concret\u00f3 la revalorizaci\u00f3n de su sucursal en Taf\u00ed del Valle, trasladandola a una nueva ubicaci\u00f3n, en Av Belgrano 175 L101, Galer\u00eda Inti del Taf\u00ed; en el coraz\u00f3n de una de las villas veraniegas por excelencia en nuestra provincia.<\/span><\/p>\n<p>[\/et_pb_text][\/et_pb_column][\/et_pb_row][et_pb_row _builder_version=\u00bb4.22.1&#8243; _module_preset=\u00bbdefault\u00bb global_colors_info=\u00bb{}\u00bb][et_pb_column type=\u00bb4_4&#8243; _builder_version=\u00bb4.22.1&#8243; _module_preset=\u00bbdefault\u00bb global_colors_info=\u00bb{}\u00bb][et_pb_blurb image=\u00bbhttps:\/\/cajapopular.gov.ar\/wp-content\/uploads\/2025\/02\/sucursal-tafi-del-valle.png\u00bb content_max_width=\u00bb1100px\u00bb _builder_version=\u00bb4.22.1&#8243; _module_preset=\u00bbdefault\u00bb header_font=\u00bbRoboto|700|||||||\u00bb header_text_color=\u00bb#606060&#8243; global_colors_info=\u00bb{}\u00bb]<\/p>\n<p>&nbsp;<\/p>\n<p><span>Con una fachada totalmente renovada, en esta sucursal se podr\u00e1n realizar tr\u00e1mites relacionados a la obtenci\u00f3n de seguros, cr\u00e9ditos, solicitud de productos comerciales como tarjetas de cr\u00e9dito, apertura de caja de ahorros, y pago de impuestos y servicios, entre otros; adem\u00e1s de poder acceder a nuestros cajeros autom\u00e1ticos.<\/span><\/p>\n<p><span>En esta ocasi\u00f3n, las autoridades presentes para la inauguraci\u00f3n de la sucursal fueron los responsables del \u00e1rea t\u00e9cnica de sucursales y delegaciones, MMO Franco Vargas; Arq. Camila Taranc\u00f3n; Ing. Jos\u00e9 Luis Leccesi; junto al Gte. Gral. de Personal; Sr. Javier D\u00edaz; y el Sub Interventor de Caja Popular de Ahorros, Sr. Dario Amatti. Adem\u00e1s, la bendici\u00f3n fue realizada por el Padre Daniel Cano.<\/span><\/p>\n<p>[\/et_pb_blurb][\/et_pb_column][\/et_pb_row][\/et_pb_section][et_pb_section fb_built=\u00bb1&#8243; _builder_version=\u00bb4.22.1&#8243; _module_preset=\u00bbdefault\u00bb hover_enabled=\u00bb0&#8243; da_disable_devices=\u00bboff|off|off\u00bb global_colors_info=\u00bb{}\u00bb sticky_enabled=\u00bb0&#8243; width=\u00bb76%\u00bb max_width=\u00bb69%\u00bb module_alignment=\u00bbcenter\u00bb da_is_popup=\u00bboff\u00bb da_exit_intent=\u00bboff\u00bb da_has_close=\u00bbon\u00bb da_alt_close=\u00bboff\u00bb da_dark_close=\u00bboff\u00bb da_not_modal=\u00bbon\u00bb da_is_singular=\u00bboff\u00bb da_with_loader=\u00bboff\u00bb da_has_shadow=\u00bbon\u00bb][et_pb_row _builder_version=\u00bb4.22.1&#8243; _module_preset=\u00bbdefault\u00bb column_structure=\u00bb1_4,1_4,1_4,1_4&#8243; width=\u00bb26%\u00bb hover_enabled=\u00bb0&#8243; sticky_enabled=\u00bb0&#8243;][et_pb_column _builder_version=\u00bb4.22.1&#8243; _module_preset=\u00bbdefault\u00bb type=\u00bb1_4&#8243;][et_pb_icon _builder_version=\u00bb4.22.1&#8243; _module_preset=\u00bbdefault\u00bb font_icon=\u00bb&#xe0aa;||divi||400&#8243; icon_color=\u00bb#007d83&#8243; icon_width=\u00bb31px\u00bb url=\u00bbhttps:\/\/www.facebook.com\/cajapopular.tuc?locale=es_LA\u00bb url_new_window=\u00bbon\u00bb hover_enabled=\u00bb0&#8243; sticky_enabled=\u00bb0&#8243;][\/et_pb_icon][\/et_pb_column][et_pb_column _builder_version=\u00bb4.22.1&#8243; _module_preset=\u00bbdefault\u00bb type=\u00bb1_4&#8243; link_option_url=\u00bbhttps:\/\/www.instagram.com\/cajapopular.tuc\/\u00bb link_option_url_new_window=\u00bbon\u00bb hover_enabled=\u00bb0&#8243; sticky_enabled=\u00bb0&#8243;][et_pb_icon _builder_version=\u00bb4.22.1&#8243; _module_preset=\u00bbdefault\u00bb font_icon=\u00bb&#xe0b1;||divi||400&#8243; icon_color=\u00bb#007d83&#8243; icon_width=\u00bb31px\u00bb hover_enabled=\u00bb0&#8243; sticky_enabled=\u00bb0&#8243;][\/et_pb_icon][\/et_pb_column][et_pb_column _builder_version=\u00bb4.22.1&#8243; _module_preset=\u00bbdefault\u00bb type=\u00bb1_4&#8243;][et_pb_icon _builder_version=\u00bb4.22.1&#8243; _module_preset=\u00bbdefault\u00bb font_icon=\u00bb&#xe0ab;||divi||400&#8243; icon_color=\u00bb#007d83&#8243; url=\u00bbhttps:\/\/x.com\/CajaPopularTuc\u00bb url_new_window=\u00bbon\u00bb icon_width=\u00bb31px\u00bb hover_enabled=\u00bb0&#8243; sticky_enabled=\u00bb0&#8243;][\/et_pb_icon][\/et_pb_column][et_pb_column _builder_version=\u00bb4.22.1&#8243; _module_preset=\u00bbdefault\u00bb type=\u00bb1_4&#8243;][et_pb_icon _builder_version=\u00bb4.22.1&#8243; _module_preset=\u00bbdefault\u00bb font_icon=\u00bb&#xe0ba;||divi||400&#8243; icon_color=\u00bb#007d83&#8243; icon_width=\u00bb31px\u00bb url=\u00bbhttps:\/\/www.youtube.com\/@cajapopulartuc\u00bb url_new_window=\u00bbon\u00bb hover_enabled=\u00bb0&#8243; sticky_enabled=\u00bb0&#8243;][\/et_pb_icon][\/et_pb_column][\/et_pb_row][\/et_pb_section]<\/p>\n","protected":false},"excerpt":{"rendered":"<p>Caja Popular de Ahorros concret\u00f3 la revalorizaci\u00f3n de su sucursal en Taf\u00ed del Valle, trasladandola a una nueva ubicaci\u00f3n, en Av Belgrano 175 L101, Galer\u00eda Inti del Taf\u00ed; en el coraz\u00f3n de una de las villas veraniegas por excelencia en nuestra provincia.&nbsp; Con una fachada totalmente renovada, en esta sucursal se podr\u00e1n realizar tr\u00e1mites relacionados [&hellip;]<\/p>\n","protected":false},"author":6,"featured_media":0,"comment_status":"closed","ping_status":"open","sticky":false,"template":"","format":"standard","meta":{"_et_pb_use_builder":"on","_et_pb_old_content":"","_et_gb_content_width":"","footnotes":""},"categories":[26],"tags":[],"class_list":["post-5413","post","type-post","status-publish","format-standard","hentry","category-noticias-caja-popular-de-ahorros"],"_links":{"self":[{"href":"https:\/\/www.cajapopular.gov.ar\/index.php\/wp-json\/wp\/v2\/posts\/5413","targetHints":{"allow":["GET"]}}],"collection":[{"href":"https:\/\/www.cajapopular.gov.ar\/index.php\/wp-json\/wp\/v2\/posts"}],"about":[{"href":"https:\/\/www.cajapopular.gov.ar\/index.php\/wp-json\/wp\/v2\/types\/post"}],"author":[{"embeddable":true,"href":"https:\/\/www.cajapopular.gov.ar\/index.php\/wp-json\/wp\/v2\/users\/6"}],"replies":[{"embeddable":true,"href":"https:\/\/www.cajapopular.gov.ar\/index.php\/wp-json\/wp\/v2\/comments?post=5413"}],"version-history":[{"count":10,"href":"https:\/\/www.cajapopular.gov.ar\/index.php\/wp-json\/wp\/v2\/posts\/5413\/revisions"}],"predecessor-version":[{"id":5429,"href":"https:\/\/www.cajapopular.gov.ar\/index.php\/wp-json\/wp\/v2\/posts\/5413\/revisions\/5429"}],"wp:attachment":[{"href":"https:\/\/www.cajapopular.gov.ar\/index.php\/wp-json\/wp\/v2\/media?parent=5413"}],"wp:term":[{"taxonomy":"category","embeddable":true,"href":"https:\/\/www.cajapopular.gov.ar\/index.php\/wp-json\/wp\/v2\/categories?post=5413"},{"taxonomy":"post_tag","embeddable":true,"href":"https:\/\/www.cajapopular.gov.ar\/index.php\/wp-json\/wp\/v2\/tags?post=5413"}],"curies":[{"name":"wp","href":"https:\/\/api.w.org\/{rel}","templated":true}]}}